{"id":17472,"date":"2022-08-24T11:25:13","date_gmt":"2022-08-24T15:25:13","guid":{"rendered":"https:\/\/jimbovard.com\/blog\/?p=17472"},"modified":"2022-08-24T21:44:17","modified_gmt":"2022-08-25T01:44:17","slug":"st-bartholomew-days-massacre-450-year-anniversary","status":"publish","type":"post","link":"https:\/\/jimbovard.com\/blog\/2022\/08\/24\/st-bartholomew-days-massacre-450-year-anniversary\/","title":{"rendered":"St. Bartholomew Day&#8217;s Massacre 450 Year Anniversary"},"content":{"rendered":"<p><a href=\"https:\/\/jimbovard.com\/blog\/wp-content\/uploads\/2022\/08\/massacre-1572-public-domain-imager.jpg\"><img loading=\"lazy\" decoding=\"async\" class=\"aligncenter wp-image-17473 size-full\" src=\"https:\/\/jimbovard.com\/blog\/wp-content\/uploads\/2022\/08\/massacre-1572-public-domain-imager.jpg\" alt=\"\" width=\"800\" height=\"485\" srcset=\"https:\/\/jimbovard.com\/blog\/wp-content\/uploads\/2022\/08\/massacre-1572-public-domain-imager.jpg 800w, https:\/\/jimbovard.com\/blog\/wp-content\/uploads\/2022\/08\/massacre-1572-public-domain-imager-150x91.jpg 150w, https:\/\/jimbovard.com\/blog\/wp-content\/uploads\/2022\/08\/massacre-1572-public-domain-imager-768x466.jpg 768w\" sizes=\"auto, (max-width: 800px) 100vw, 800px\" \/><\/a>On this day in 1572, French Catholics slaughtered 30,000 Protestants in the streets of Paris. The French King and the Pope helped organize the carnage of the biggest religious massacre in Europe in the 1500s.\u00a0 Roughly half the Bovards living in Paris were killed in the bloodbath. Three surviving Bovards fled past drunken guards at Paris\u2019s city gates, raced to the coast, hijacked a rowboat, and made it across the English Channel and took refuge in London.\u00a0 Or at least that&#8217;s the Bovard family lore I&#8217;ve read. (I know not to bet the rent money on that lore&#8217;s accuracy.)<\/p>\n<p>Some years ago at a D.C. reception, I met a cultural attache from the French embassy. She saw my name tag and asked about my last name.<\/p>\n<p>&#8220;Yes, it&#8217;s French. My ancestors were Huguenots,&#8221; I said.<\/p>\n<p>&#8220;Oh &#8211; they were victims,&#8221; she replied remorsefully.<\/p>\n<p>&#8220;Hell no! Getting kicked out of France was the best thing that ever happened to the Bovard family,&#8221; I replied with a big grin.<\/p>\n<p>She just stared at me kind of wild-eyed. I fear I may have ruined her stereotypes of Huguenots.<\/p>\n<p>After fleeing France, my ancestors resettled in northern Ireland. My ancestors were reportedly linen and lace manufacturers in France but became flax growers after resettling in County Donegal.\u00a0 I come by rusticity honestly.<\/p>\n<p>In 1846, my Bovard ancestors exited for\u00a0 America.\u00a0 Here&#8217;s the thumbnail I use to explain family history:\u00a0 The Bovards were kicked out of France because the king was prejudiced against Protestants and they were kicked out of Ireland because the Irish were prejudiced against horse thieves.<\/p>\n<p>Actually, they left at the start of the great potato famine, but the Fact Checking Police haven&#8217;t caught up with me yet.<\/p>\n<p>My kinfolk settled in western Pennsylvania.\u00a0 My great-great-grandfather dodged Abraham Lincoln&#8217;s military conscription, a step that I appreciate both philosophically and genetically.<\/p>\n<p>Here&#8217;s an article on how the French refugees eventually got along with and <a href=\"https:\/\/www.rte.ie\/brainstorm\/2022\/0216\/1281144-huguenots-ireland-france-religion-persecution-17th-century\/\">intermarried with the Irish. <\/a><\/p>\n<p>The 1572 carnage at least had some positive philosophical results. <a href=\"https:\/\/www.britannica.com\/biography\/Philippe-de-Mornay-seigneur-du-Plessis-Marly#ref252878\">Philippe de Mornay<\/a> barely avoided being killed in the massacre but seven years later, his pamphlet <i><b>Vindiciae contra tyrannos<\/b><\/i> (A Defense Of Liberty Against Tyrants) was published in Switzerland.\u00a0 This pamphlet laid the groundwork for subsequent authors (including British philosopher John Locke) to clearly establish the right to resist oppressive rulers. (It is available as a free download at this<a href=\"http:\/\/www.portagepub.com\/products\/law\/vindiciae.html\"> web page)<\/a>.\u00a0 The book contained far more solid thinking on the nature of political institutions than one will encounter in political science classes where progressive professors exalt the power of benevolent rulers, the Constitution be damned. de Mornay observed, &#8220;There is nothing which exempts the king from obedience which he owes to the law, which he ought to acknowledge as his lady and mistress.&#8221; Invoking Aristotle, he stressed, &#8220;Civilized people reduced kings to a lawful condition, by binding them to keep and observe the laws. Unruly absolute authority remained only amongst those who commanded over barbarous nations.&#8221; The vision of &#8220;government under the law&#8221; was one of the greatest lodestar of early modern political philosophy. de Mornay also derided &#8220;the minions of the court.&#8221;\u00a0 We have made great progress since his time &#8211; now we have think tank minions.<\/p>\n<p>French philosopher Michel de Montaigne was horrified by the carnage in Paris as well as in Bordeaux, where he served periodically as mayor.\u00a0 Montaigne tossed out some ideas that he hoped would deter religious genocide: &#8220;It is putting a very high price on one\u2019s conjectures to have a man roasted alive because of them.&#8221; He admitted that he could not say all that he believed: &#8220;I speak truth, not so much as I would, but as much as I dare; and I dare a little the more as I grow older.&#8221; But he never forthrightly condemned the St. Bartholomew Day&#8217;s Massacre. He gave a few winks to skepticism: &#8220;Man is certainly stark mad; he cannot make a <a class=\"mw-redirect\" title=\"Worm\" href=\"https:\/\/en.wikiquote.org\/wiki\/Worm\">worm<\/a>, and yet he will be making gods by dozens.&#8221; He also recognized how adulation spawned some of the most dangerous illusions: &#8220;The strange luster that surrounds a king conceals and shrouds him from us.&#8221;<\/p>\n<p>Almost two centuries later, Voltaire was spurred by the legal murder of a Huguenot in his time to zealously champion toleration. &#8220;Toleration has never been the cause of civil war; while, on the contrary, persecution has covered the earth with blood and carnage,&#8221; he wrote. In his <em>Philosophical Dictionary<\/em>, he declared, &#8220;What is tolerance? It is a necessary consequence of humanity. We are all fallible, let us then pardon each other&#8217;s follies. This is the first principle of natural right.\u201d<\/p>\n<p>The St. Bartholomew&#8217;s Day Massacre shows the perils of combining fanaticism with power. Unfortunately, this is a lesson which modern societies may need to learn again.\u00a0 A recent poll showed that more than half of Americans expect a civil war &#8220;in the next few years.&#8221; Hopefully that poll is as inaccurate as most of the polls preceding recent presidential elections.\u00a0 Historian Henry Adams observed a century ago that politics \u201chas always been the <a href=\"https:\/\/www.oxfordreference.com\/view\/10.1093\/acref\/9780191826719.001.0001\/q-oro-ed4-00000038\">systematic organization of hatreds<\/a>.\u201d Nowadays, politics seems hellbent on multiplying hatred. And few things spur hatred more effectively than tarring all political opponents as traitors. But that is increasingly the coin of the realm in political disputes. (And folks had such high hopes for the civilizing impact of Twitter&#8230;..)<\/p>\n<p>Toleration requires fewer body bags than rage.<\/p>\n<p>&nbsp;<\/p>\n<p>Here are some outtakes from French publications on the anniversary:<\/p>\n<blockquote>\n<blockquote><p>Dans la nuit du 24 ao\u00fbt 1572, 30 000 protestants sont massacr\u00e9s par les ligueurs catholiques dans les rues de la capitale<br \/>\nOn the night of August 24, 1572, 30,000 Protestants were massacred by the Catholic League in the streets of the capital.<\/p><\/blockquote>\n<\/blockquote>\n<blockquote>\n<blockquote><p>Catherine de M\u00e9dicis regarde les cadavres de protestants au lendemain du massacre de la Saint-Barth\u00e9l\u00e9my.<br \/>\nCatherine de&#8217; Medici looks at the corpses of Protestants the day after the St. Bartholomew&#8217;s Day massacre.<\/p><\/blockquote>\n<\/blockquote>\n<p><a href=\"https:\/\/static.nationalgeographic.fr\/files\/styles\/image_3200\/public\/Debat-Ponsan-matin-Louvre.webp?w=710&amp;h=558\" target=\"_blank\" rel=\"noopener noreferrer\">https:\/\/static.nationalgeographic.fr\/files\/styles\/image_3200\/public\/Debat-Ponsan-matin-Louvre.webp?w=710&amp;h=558<\/a><\/p>\n<blockquote>\n<blockquote><p>C\u2019est un mercenaire, Jan Yanowitz, qui tue, dans son lit, Coligny. Le cadavre est d\u00e9fenestr\u00e9, \u00e9mascul\u00e9, jet\u00e9 \u00e0 la Seine puis rep\u00each\u00e9 pour \u00eatre pendu par les pieds au gibet de Montfaucon.<br \/>\nA mercenary, Jan Yanowitz, kills [Admiral] Coligny in his bed. The corpse is castrated, thrown out a window into the Seine, and then fished out to be hung upside down on the Montfaucon gallows.<\/p><\/blockquote>\n<\/blockquote>\n<blockquote>\n<blockquote><p>Ce massacre de plus de 200 nobles est suivi, toute la nuit et le jour \u00adsuivant, par une recherche en r\u00e8gle de tout ce qui est protestant pour \u00eatre \u00e9gorg\u00e9, \u00e9ventr\u00e9, femmes et enfants compris.<br \/>\nA massacre of more than 200 [Huguenot] nobles is then followed by a search for Protestants to be slaughtered and disemboweled, women and children included.<\/p><\/blockquote>\n<\/blockquote>\n<p><a href=\"https:\/\/www.nationalgeographic.fr\/histoire\/saint-barthelemy-les-veritables-causes-du-massacre\" target=\"_blank\" rel=\"noopener noreferrer\">https:\/\/www.nationalgeographic.fr\/histoire\/saint-barthelemy-les-veritables-causes-du-massacre<\/a><\/p>\n<div id=\"attachment_17478\" style=\"width: 720px\" class=\"wp-caption alignleft\"><a href=\"https:\/\/jimbovard.com\/blog\/wp-content\/uploads\/2022\/08\/massacre-1572-french-queen-Debat-Ponsan-matin-Louvre.webp\"><img loading=\"lazy\" decoding=\"async\" aria-describedby=\"caption-attachment-17478\" class=\"wp-image-17478 size-full\" src=\"https:\/\/jimbovard.com\/blog\/wp-content\/uploads\/2022\/08\/massacre-1572-french-queen-Debat-Ponsan-matin-Louvre.webp\" alt=\"\" width=\"710\" height=\"558\" srcset=\"https:\/\/jimbovard.com\/blog\/wp-content\/uploads\/2022\/08\/massacre-1572-french-queen-Debat-Ponsan-matin-Louvre.webp 710w, https:\/\/jimbovard.com\/blog\/wp-content\/uploads\/2022\/08\/massacre-1572-french-queen-Debat-Ponsan-matin-Louvre-150x118.webp 150w\" sizes=\"auto, (max-width: 710px) 100vw, 710px\" \/><\/a><p id=\"caption-attachment-17478\" class=\"wp-caption-text\">French queen smiles to see the slaughtered Protestants<\/p><\/div>\n<p>&nbsp;<\/p>\n<div id=\"attachment_17487\" style=\"width: 810px\" class=\"wp-caption alignleft\"><a href=\"https:\/\/jimbovard.com\/blog\/wp-content\/uploads\/2022\/08\/1572-massacre-Jost_Amman_Gaspar_de_Coligny_1573_NGA_3643_cropped.jpg\"><img loading=\"lazy\" decoding=\"async\" aria-describedby=\"caption-attachment-17487\" class=\"size-medium wp-image-17487\" src=\"https:\/\/jimbovard.com\/blog\/wp-content\/uploads\/2022\/08\/1572-massacre-Jost_Amman_Gaspar_de_Coligny_1573_NGA_3643_cropped-800x297.jpg\" alt=\"\" width=\"800\" height=\"297\" srcset=\"https:\/\/jimbovard.com\/blog\/wp-content\/uploads\/2022\/08\/1572-massacre-Jost_Amman_Gaspar_de_Coligny_1573_NGA_3643_cropped-800x297.jpg 800w, https:\/\/jimbovard.com\/blog\/wp-content\/uploads\/2022\/08\/1572-massacre-Jost_Amman_Gaspar_de_Coligny_1573_NGA_3643_cropped-1024x380.jpg 1024w, https:\/\/jimbovard.com\/blog\/wp-content\/uploads\/2022\/08\/1572-massacre-Jost_Amman_Gaspar_de_Coligny_1573_NGA_3643_cropped-150x56.jpg 150w, https:\/\/jimbovard.com\/blog\/wp-content\/uploads\/2022\/08\/1572-massacre-Jost_Amman_Gaspar_de_Coligny_1573_NGA_3643_cropped-768x285.jpg 768w, https:\/\/jimbovard.com\/blog\/wp-content\/uploads\/2022\/08\/1572-massacre-Jost_Amman_Gaspar_de_Coligny_1573_NGA_3643_cropped-1536x570.jpg 1536w, https:\/\/jimbovard.com\/blog\/wp-content\/uploads\/2022\/08\/1572-massacre-Jost_Amman_Gaspar_de_Coligny_1573_NGA_3643_cropped-2048x760.jpg 2048w\" sizes=\"auto, (max-width: 800px) 100vw, 800px\" \/><\/a><p id=\"caption-attachment-17487\" class=\"wp-caption-text\">&#8220;Jost Amman, Gaspar de Coligny, 1573, Rosenwald Collection, 1943.3.431&#8221;<\/p><\/div>\n<p>&nbsp;<\/p>\n<div id=\"attachment_17490\" style=\"width: 260px\" class=\"wp-caption alignleft\"><a href=\"https:\/\/jimbovard.com\/blog\/wp-content\/uploads\/2022\/08\/huguenot-cross-1758055.jpg\"><img loading=\"lazy\" decoding=\"async\" aria-describedby=\"caption-attachment-17490\" class=\"size-full wp-image-17490\" src=\"https:\/\/jimbovard.com\/blog\/wp-content\/uploads\/2022\/08\/huguenot-cross-1758055.jpg\" alt=\"\" width=\"250\" height=\"341\" srcset=\"https:\/\/jimbovard.com\/blog\/wp-content\/uploads\/2022\/08\/huguenot-cross-1758055.jpg 250w, https:\/\/jimbovard.com\/blog\/wp-content\/uploads\/2022\/08\/huguenot-cross-1758055-110x150.jpg 110w\" sizes=\"auto, (max-width: 250px) 100vw, 250px\" \/><\/a><p id=\"caption-attachment-17490\" class=\"wp-caption-text\">In this Huguenot Cross, the bird looks like it is in a nosedive.<\/p><\/div>\n","protected":false},"excerpt":{"rendered":"<p>On this day in 1572, French Catholics slaughtered 30,000 Protestants in the streets of Paris. The French King and the Pope helped organize the carnage of the biggest religious massacre in Europe in the 1500s.\u00a0 Roughly half the Bovards living in Paris were killed in the bloodbath. Three surviving Bovards fled past drunken guards at [&hellip;]<\/p>\n","protected":false},"author":1,"featured_media":17473,"comment_status":"open","ping_status":"open","sticky":false,"template":"","format":"standard","meta":{"footnotes":""},"categories":[1],"tags":[3273,3271,1254,531,3266,3268,3265,3267,3269,3272,3270],"class_list":["post-17472","post","type-post","status-publish","format-standard","has-post-thumbnail","hentry","category-uncategorized","tag-3273","tag-catholic-church","tag-christianity","tag-france","tag-huguenots","tag-king","tag-massacre","tag-pope","tag-queen","tag-st-bartholomews-day-massacre","tag-toleration"],"yoast_head":"<!-- This site is optimized with the Yoast SEO plugin v27.4 - https:\/\/yoast.com\/product\/yoast-seo-wordpress\/ -->\n<title>St. Bartholomew Day&#039;s Massacre 450 Year Anniversary - James Bovard<\/title>\n<meta name=\"description\" content=\"French Catholics slaughtered 30,000 Protestants in Paris 450 years ago. Some of my ancestors were killed; survivors fled to England\" \/>\n<meta name=\"robots\" content=\"index, follow, max-snippet:-1, max-image-preview:large, max-video-preview:-1\" \/>\n<link rel=\"canonical\" href=\"https:\/\/jimbovard.com\/blog\/2022\/08\/24\/st-bartholomew-days-massacre-450-year-anniversary\/\" \/>\n<meta property=\"og:locale\" content=\"en_US\" \/>\n<meta property=\"og:type\" content=\"article\" \/>\n<meta property=\"og:title\" content=\"St. Bartholomew Day&#039;s Massacre 450 Year Anniversary - James Bovard\" \/>\n<meta property=\"og:description\" content=\"French Catholics slaughtered 30,000 Protestants in Paris 450 years ago. Some of my ancestors were killed; survivors fled to England\" \/>\n<meta property=\"og:url\" content=\"https:\/\/jimbovard.com\/blog\/2022\/08\/24\/st-bartholomew-days-massacre-450-year-anniversary\/\" \/>\n<meta property=\"og:site_name\" content=\"James Bovard\" \/>\n<meta property=\"article:author\" content=\"https:\/\/www.facebook.com\/jim.bovard\" \/>\n<meta property=\"article:published_time\" content=\"2022-08-24T15:25:13+00:00\" \/>\n<meta property=\"article:modified_time\" content=\"2022-08-25T01:44:17+00:00\" \/>\n<meta property=\"og:image\" content=\"https:\/\/jimbovard.com\/blog\/wp-content\/uploads\/2022\/08\/massacre-1572-public-domain-imager.jpg\" \/>\n\t<meta property=\"og:image:width\" content=\"800\" \/>\n\t<meta property=\"og:image:height\" content=\"485\" \/>\n\t<meta property=\"og:image:type\" content=\"image\/jpeg\" \/>\n<meta name=\"author\" content=\"Jim\" \/>\n<meta name=\"twitter:card\" content=\"summary_large_image\" \/>\n<meta name=\"twitter:creator\" content=\"@jimbovard\" \/>\n<meta name=\"twitter:label1\" content=\"Written by\" \/>\n\t<meta name=\"twitter:data1\" content=\"Jim\" \/>\n\t<meta name=\"twitter:label2\" content=\"Est. reading time\" \/>\n\t<meta name=\"twitter:data2\" content=\"6 minutes\" \/>\n<script type=\"application\/ld+json\" class=\"yoast-schema-graph\">{\"@context\":\"https:\\\/\\\/schema.org\",\"@graph\":[{\"@type\":\"Article\",\"@id\":\"https:\\\/\\\/jimbovard.com\\\/blog\\\/2022\\\/08\\\/24\\\/st-bartholomew-days-massacre-450-year-anniversary\\\/#article\",\"isPartOf\":{\"@id\":\"https:\\\/\\\/jimbovard.com\\\/blog\\\/2022\\\/08\\\/24\\\/st-bartholomew-days-massacre-450-year-anniversary\\\/\"},\"author\":{\"name\":\"Jim\",\"@id\":\"https:\\\/\\\/jimbovard.com\\\/blog\\\/#\\\/schema\\\/person\\\/79550830ad81c14be529a2c37469974f\"},\"headline\":\"St. Bartholomew Day&#8217;s Massacre 450 Year Anniversary\",\"datePublished\":\"2022-08-24T15:25:13+00:00\",\"dateModified\":\"2022-08-25T01:44:17+00:00\",\"mainEntityOfPage\":{\"@id\":\"https:\\\/\\\/jimbovard.com\\\/blog\\\/2022\\\/08\\\/24\\\/st-bartholomew-days-massacre-450-year-anniversary\\\/\"},\"wordCount\":1194,\"commentCount\":7,\"image\":{\"@id\":\"https:\\\/\\\/jimbovard.com\\\/blog\\\/2022\\\/08\\\/24\\\/st-bartholomew-days-massacre-450-year-anniversary\\\/#primaryimage\"},\"thumbnailUrl\":\"https:\\\/\\\/jimbovard.com\\\/blog\\\/wp-content\\\/uploads\\\/2022\\\/08\\\/massacre-1572-public-domain-imager.jpg\",\"keywords\":[\"1572\",\"Catholic Church\",\"Christianity\",\"France\",\"Huguenots\",\"King\",\"massacre\",\"Pope\",\"Queen\",\"St. Bartholomew's Day Massacre\",\"toleration\"],\"inLanguage\":\"en-US\",\"potentialAction\":[{\"@type\":\"CommentAction\",\"name\":\"Comment\",\"target\":[\"https:\\\/\\\/jimbovard.com\\\/blog\\\/2022\\\/08\\\/24\\\/st-bartholomew-days-massacre-450-year-anniversary\\\/#respond\"]}]},{\"@type\":\"WebPage\",\"@id\":\"https:\\\/\\\/jimbovard.com\\\/blog\\\/2022\\\/08\\\/24\\\/st-bartholomew-days-massacre-450-year-anniversary\\\/\",\"url\":\"https:\\\/\\\/jimbovard.com\\\/blog\\\/2022\\\/08\\\/24\\\/st-bartholomew-days-massacre-450-year-anniversary\\\/\",\"name\":\"St. Bartholomew Day's Massacre 450 Year Anniversary - James Bovard\",\"isPartOf\":{\"@id\":\"https:\\\/\\\/jimbovard.com\\\/blog\\\/#website\"},\"primaryImageOfPage\":{\"@id\":\"https:\\\/\\\/jimbovard.com\\\/blog\\\/2022\\\/08\\\/24\\\/st-bartholomew-days-massacre-450-year-anniversary\\\/#primaryimage\"},\"image\":{\"@id\":\"https:\\\/\\\/jimbovard.com\\\/blog\\\/2022\\\/08\\\/24\\\/st-bartholomew-days-massacre-450-year-anniversary\\\/#primaryimage\"},\"thumbnailUrl\":\"https:\\\/\\\/jimbovard.com\\\/blog\\\/wp-content\\\/uploads\\\/2022\\\/08\\\/massacre-1572-public-domain-imager.jpg\",\"datePublished\":\"2022-08-24T15:25:13+00:00\",\"dateModified\":\"2022-08-25T01:44:17+00:00\",\"author\":{\"@id\":\"https:\\\/\\\/jimbovard.com\\\/blog\\\/#\\\/schema\\\/person\\\/79550830ad81c14be529a2c37469974f\"},\"description\":\"French Catholics slaughtered 30,000 Protestants in Paris 450 years ago. Some of my ancestors were killed; survivors fled to England\",\"breadcrumb\":{\"@id\":\"https:\\\/\\\/jimbovard.com\\\/blog\\\/2022\\\/08\\\/24\\\/st-bartholomew-days-massacre-450-year-anniversary\\\/#breadcrumb\"},\"inLanguage\":\"en-US\",\"potentialAction\":[{\"@type\":\"ReadAction\",\"target\":[\"https:\\\/\\\/jimbovard.com\\\/blog\\\/2022\\\/08\\\/24\\\/st-bartholomew-days-massacre-450-year-anniversary\\\/\"]}]},{\"@type\":\"ImageObject\",\"inLanguage\":\"en-US\",\"@id\":\"https:\\\/\\\/jimbovard.com\\\/blog\\\/2022\\\/08\\\/24\\\/st-bartholomew-days-massacre-450-year-anniversary\\\/#primaryimage\",\"url\":\"https:\\\/\\\/jimbovard.com\\\/blog\\\/wp-content\\\/uploads\\\/2022\\\/08\\\/massacre-1572-public-domain-imager.jpg\",\"contentUrl\":\"https:\\\/\\\/jimbovard.com\\\/blog\\\/wp-content\\\/uploads\\\/2022\\\/08\\\/massacre-1572-public-domain-imager.jpg\",\"width\":800,\"height\":485},{\"@type\":\"BreadcrumbList\",\"@id\":\"https:\\\/\\\/jimbovard.com\\\/blog\\\/2022\\\/08\\\/24\\\/st-bartholomew-days-massacre-450-year-anniversary\\\/#breadcrumb\",\"itemListElement\":[{\"@type\":\"ListItem\",\"position\":1,\"name\":\"Home\",\"item\":\"https:\\\/\\\/jimbovard.com\\\/blog\\\/\"},{\"@type\":\"ListItem\",\"position\":2,\"name\":\"St. Bartholomew Day&#8217;s Massacre 450 Year Anniversary\"}]},{\"@type\":\"WebSite\",\"@id\":\"https:\\\/\\\/jimbovard.com\\\/blog\\\/#website\",\"url\":\"https:\\\/\\\/jimbovard.com\\\/blog\\\/\",\"name\":\"James Bovard\",\"description\":\"\",\"potentialAction\":[{\"@type\":\"SearchAction\",\"target\":{\"@type\":\"EntryPoint\",\"urlTemplate\":\"https:\\\/\\\/jimbovard.com\\\/blog\\\/?s={search_term_string}\"},\"query-input\":{\"@type\":\"PropertyValueSpecification\",\"valueRequired\":true,\"valueName\":\"search_term_string\"}}],\"inLanguage\":\"en-US\"},{\"@type\":\"Person\",\"@id\":\"https:\\\/\\\/jimbovard.com\\\/blog\\\/#\\\/schema\\\/person\\\/79550830ad81c14be529a2c37469974f\",\"name\":\"Jim\",\"image\":{\"@type\":\"ImageObject\",\"inLanguage\":\"en-US\",\"@id\":\"https:\\\/\\\/secure.gravatar.com\\\/avatar\\\/d95466cfd0934e38803c5035629df727ae4ec1f3f96c6883c05b5c52e2044505?s=96&d=mm&r=r\",\"url\":\"https:\\\/\\\/secure.gravatar.com\\\/avatar\\\/d95466cfd0934e38803c5035629df727ae4ec1f3f96c6883c05b5c52e2044505?s=96&d=mm&r=r\",\"contentUrl\":\"https:\\\/\\\/secure.gravatar.com\\\/avatar\\\/d95466cfd0934e38803c5035629df727ae4ec1f3f96c6883c05b5c52e2044505?s=96&d=mm&r=r\",\"caption\":\"Jim\"},\"description\":\"Bovard's homepage is at http:\\\/\\\/www.jimbovard.com He can be contacted at jim@jimbovard.com James Bovard is the author of ten books. The Wall Street Journal called Bovard \\\"the roving inspector general of the modern state\\\" and Washington Post columnist George Will called him a \\\"one-man truth squad.\\\" His 1994 book, Lost Rights: The Destruction of American Liberty, received the Free Press Association\u2019s Mencken Award as Book of the Year. His Terrorism &amp; Tyranny won the Lysander Spooner \\\"Best Book on Liberty in 2003\\\" award. He received the Thomas Szasz Award for Civil Liberties work, awarded by the Center for Independent Thought and the Freedom Fund Award from the Firearms Civil Rights Defense Fund of the National Rifle Association. Bovard\u2019s writings have been publicly denounced by FBI director Louis Freeh, the Secretary of Agriculture, the Secretary of Housing and Urban Development, the Postmaster General, and the chiefs of the U.S. International Trade Commission, the Drug Enforcement Administration, the Equal Employment Opportunity Commission, and the Federal Emergency Management Agency, as well as by many congressmen and other malcontents.\",\"sameAs\":[\"http:\\\/\\\/www.jimbovard.com\",\"https:\\\/\\\/www.facebook.com\\\/jim.bovard\",\"https:\\\/\\\/x.com\\\/jimbovard\"],\"url\":\"https:\\\/\\\/jimbovard.com\\\/blog\\\/author\\\/admin\\\/\"}]}<\/script>\n<!-- \/ Yoast SEO plugin. -->","yoast_head_json":{"title":"St. Bartholomew Day's Massacre 450 Year Anniversary - James Bovard","description":"French Catholics slaughtered 30,000 Protestants in Paris 450 years ago. Some of my ancestors were killed; survivors fled to England","robots":{"index":"index","follow":"follow","max-snippet":"max-snippet:-1","max-image-preview":"max-image-preview:large","max-video-preview":"max-video-preview:-1"},"canonical":"https:\/\/jimbovard.com\/blog\/2022\/08\/24\/st-bartholomew-days-massacre-450-year-anniversary\/","og_locale":"en_US","og_type":"article","og_title":"St. Bartholomew Day's Massacre 450 Year Anniversary - James Bovard","og_description":"French Catholics slaughtered 30,000 Protestants in Paris 450 years ago. Some of my ancestors were killed; survivors fled to England","og_url":"https:\/\/jimbovard.com\/blog\/2022\/08\/24\/st-bartholomew-days-massacre-450-year-anniversary\/","og_site_name":"James Bovard","article_author":"https:\/\/www.facebook.com\/jim.bovard","article_published_time":"2022-08-24T15:25:13+00:00","article_modified_time":"2022-08-25T01:44:17+00:00","og_image":[{"width":800,"height":485,"url":"https:\/\/jimbovard.com\/blog\/wp-content\/uploads\/2022\/08\/massacre-1572-public-domain-imager.jpg","type":"image\/jpeg"}],"author":"Jim","twitter_card":"summary_large_image","twitter_creator":"@jimbovard","twitter_misc":{"Written by":"Jim","Est. reading time":"6 minutes"},"schema":{"@context":"https:\/\/schema.org","@graph":[{"@type":"Article","@id":"https:\/\/jimbovard.com\/blog\/2022\/08\/24\/st-bartholomew-days-massacre-450-year-anniversary\/#article","isPartOf":{"@id":"https:\/\/jimbovard.com\/blog\/2022\/08\/24\/st-bartholomew-days-massacre-450-year-anniversary\/"},"author":{"name":"Jim","@id":"https:\/\/jimbovard.com\/blog\/#\/schema\/person\/79550830ad81c14be529a2c37469974f"},"headline":"St. Bartholomew Day&#8217;s Massacre 450 Year Anniversary","datePublished":"2022-08-24T15:25:13+00:00","dateModified":"2022-08-25T01:44:17+00:00","mainEntityOfPage":{"@id":"https:\/\/jimbovard.com\/blog\/2022\/08\/24\/st-bartholomew-days-massacre-450-year-anniversary\/"},"wordCount":1194,"commentCount":7,"image":{"@id":"https:\/\/jimbovard.com\/blog\/2022\/08\/24\/st-bartholomew-days-massacre-450-year-anniversary\/#primaryimage"},"thumbnailUrl":"https:\/\/jimbovard.com\/blog\/wp-content\/uploads\/2022\/08\/massacre-1572-public-domain-imager.jpg","keywords":["1572","Catholic Church","Christianity","France","Huguenots","King","massacre","Pope","Queen","St. Bartholomew's Day Massacre","toleration"],"inLanguage":"en-US","potentialAction":[{"@type":"CommentAction","name":"Comment","target":["https:\/\/jimbovard.com\/blog\/2022\/08\/24\/st-bartholomew-days-massacre-450-year-anniversary\/#respond"]}]},{"@type":"WebPage","@id":"https:\/\/jimbovard.com\/blog\/2022\/08\/24\/st-bartholomew-days-massacre-450-year-anniversary\/","url":"https:\/\/jimbovard.com\/blog\/2022\/08\/24\/st-bartholomew-days-massacre-450-year-anniversary\/","name":"St. Bartholomew Day's Massacre 450 Year Anniversary - James Bovard","isPartOf":{"@id":"https:\/\/jimbovard.com\/blog\/#website"},"primaryImageOfPage":{"@id":"https:\/\/jimbovard.com\/blog\/2022\/08\/24\/st-bartholomew-days-massacre-450-year-anniversary\/#primaryimage"},"image":{"@id":"https:\/\/jimbovard.com\/blog\/2022\/08\/24\/st-bartholomew-days-massacre-450-year-anniversary\/#primaryimage"},"thumbnailUrl":"https:\/\/jimbovard.com\/blog\/wp-content\/uploads\/2022\/08\/massacre-1572-public-domain-imager.jpg","datePublished":"2022-08-24T15:25:13+00:00","dateModified":"2022-08-25T01:44:17+00:00","author":{"@id":"https:\/\/jimbovard.com\/blog\/#\/schema\/person\/79550830ad81c14be529a2c37469974f"},"description":"French Catholics slaughtered 30,000 Protestants in Paris 450 years ago. Some of my ancestors were killed; survivors fled to England","breadcrumb":{"@id":"https:\/\/jimbovard.com\/blog\/2022\/08\/24\/st-bartholomew-days-massacre-450-year-anniversary\/#breadcrumb"},"inLanguage":"en-US","potentialAction":[{"@type":"ReadAction","target":["https:\/\/jimbovard.com\/blog\/2022\/08\/24\/st-bartholomew-days-massacre-450-year-anniversary\/"]}]},{"@type":"ImageObject","inLanguage":"en-US","@id":"https:\/\/jimbovard.com\/blog\/2022\/08\/24\/st-bartholomew-days-massacre-450-year-anniversary\/#primaryimage","url":"https:\/\/jimbovard.com\/blog\/wp-content\/uploads\/2022\/08\/massacre-1572-public-domain-imager.jpg","contentUrl":"https:\/\/jimbovard.com\/blog\/wp-content\/uploads\/2022\/08\/massacre-1572-public-domain-imager.jpg","width":800,"height":485},{"@type":"BreadcrumbList","@id":"https:\/\/jimbovard.com\/blog\/2022\/08\/24\/st-bartholomew-days-massacre-450-year-anniversary\/#breadcrumb","itemListElement":[{"@type":"ListItem","position":1,"name":"Home","item":"https:\/\/jimbovard.com\/blog\/"},{"@type":"ListItem","position":2,"name":"St. Bartholomew Day&#8217;s Massacre 450 Year Anniversary"}]},{"@type":"WebSite","@id":"https:\/\/jimbovard.com\/blog\/#website","url":"https:\/\/jimbovard.com\/blog\/","name":"James Bovard","description":"","potentialAction":[{"@type":"SearchAction","target":{"@type":"EntryPoint","urlTemplate":"https:\/\/jimbovard.com\/blog\/?s={search_term_string}"},"query-input":{"@type":"PropertyValueSpecification","valueRequired":true,"valueName":"search_term_string"}}],"inLanguage":"en-US"},{"@type":"Person","@id":"https:\/\/jimbovard.com\/blog\/#\/schema\/person\/79550830ad81c14be529a2c37469974f","name":"Jim","image":{"@type":"ImageObject","inLanguage":"en-US","@id":"https:\/\/secure.gravatar.com\/avatar\/d95466cfd0934e38803c5035629df727ae4ec1f3f96c6883c05b5c52e2044505?s=96&d=mm&r=r","url":"https:\/\/secure.gravatar.com\/avatar\/d95466cfd0934e38803c5035629df727ae4ec1f3f96c6883c05b5c52e2044505?s=96&d=mm&r=r","contentUrl":"https:\/\/secure.gravatar.com\/avatar\/d95466cfd0934e38803c5035629df727ae4ec1f3f96c6883c05b5c52e2044505?s=96&d=mm&r=r","caption":"Jim"},"description":"Bovard's homepage is at http:\/\/www.jimbovard.com He can be contacted at jim@jimbovard.com James Bovard is the author of ten books. The Wall Street Journal called Bovard \"the roving inspector general of the modern state\" and Washington Post columnist George Will called him a \"one-man truth squad.\" His 1994 book, Lost Rights: The Destruction of American Liberty, received the Free Press Association\u2019s Mencken Award as Book of the Year. His Terrorism &amp; Tyranny won the Lysander Spooner \"Best Book on Liberty in 2003\" award. He received the Thomas Szasz Award for Civil Liberties work, awarded by the Center for Independent Thought and the Freedom Fund Award from the Firearms Civil Rights Defense Fund of the National Rifle Association. Bovard\u2019s writings have been publicly denounced by FBI director Louis Freeh, the Secretary of Agriculture, the Secretary of Housing and Urban Development, the Postmaster General, and the chiefs of the U.S. International Trade Commission, the Drug Enforcement Administration, the Equal Employment Opportunity Commission, and the Federal Emergency Management Agency, as well as by many congressmen and other malcontents.","sameAs":["http:\/\/www.jimbovard.com","https:\/\/www.facebook.com\/jim.bovard","https:\/\/x.com\/jimbovard"],"url":"https:\/\/jimbovard.com\/blog\/author\/admin\/"}]}},"_links":{"self":[{"href":"https:\/\/jimbovard.com\/blog\/wp-json\/wp\/v2\/posts\/17472","targetHints":{"allow":["GET"]}}],"collection":[{"href":"https:\/\/jimbovard.com\/blog\/wp-json\/wp\/v2\/posts"}],"about":[{"href":"https:\/\/jimbovard.com\/blog\/wp-json\/wp\/v2\/types\/post"}],"author":[{"embeddable":true,"href":"https:\/\/jimbovard.com\/blog\/wp-json\/wp\/v2\/users\/1"}],"replies":[{"embeddable":true,"href":"https:\/\/jimbovard.com\/blog\/wp-json\/wp\/v2\/comments?post=17472"}],"version-history":[{"count":20,"href":"https:\/\/jimbovard.com\/blog\/wp-json\/wp\/v2\/posts\/17472\/revisions"}],"predecessor-version":[{"id":17482,"href":"https:\/\/jimbovard.com\/blog\/wp-json\/wp\/v2\/posts\/17472\/revisions\/17482"}],"wp:featuredmedia":[{"embeddable":true,"href":"https:\/\/jimbovard.com\/blog\/wp-json\/wp\/v2\/media\/17473"}],"wp:attachment":[{"href":"https:\/\/jimbovard.com\/blog\/wp-json\/wp\/v2\/media?parent=17472"}],"wp:term":[{"taxonomy":"category","embeddable":true,"href":"https:\/\/jimbovard.com\/blog\/wp-json\/wp\/v2\/categories?post=17472"},{"taxonomy":"post_tag","embeddable":true,"href":"https:\/\/jimbovard.com\/blog\/wp-json\/wp\/v2\/tags?post=17472"}],"curies":[{"name":"wp","href":"https:\/\/api.w.org\/{rel}","templated":true}]}}